{"id":3053,"date":"2022-03-14T10:31:41","date_gmt":"2022-03-14T07:31:41","guid":{"rendered":"http:\/\/kadg.lt\/?p=3053"},"modified":"2022-03-14T10:35:10","modified_gmt":"2022-03-14T07:35:10","slug":"nuo-vasario-28-d-veisieju-krasto-muziejaus-parodu-saleje-eksponuojama-kauno-dailes-gimnazijos-mokiniu-piesiniu-paroda","status":"publish","type":"post","link":"https:\/\/kadg.lt\/index.php\/2022\/03\/14\/nuo-vasario-28-d-veisieju-krasto-muziejaus-parodu-saleje-eksponuojama-kauno-dailes-gimnazijos-mokiniu-piesiniu-paroda\/","title":{"rendered":"Nuo vasario 28 d. Veisiej\u0173 kra\u0161to muziejaus parod\u0173 sal\u0117je eksponuojama Kauno dail\u0117s gimnazijos mokini\u0173 pie\u0161ini\u0173 paroda."},"content":{"rendered":"\t\t<div data-elementor-type=\"wp-post\" data-elementor-id=\"3053\" class=\"elementor elementor-3053\">\n\t\t\t\t\t\t<section class=\"elementor-section elementor-top-section elementor-element elementor-element-40559ec elementor-section-boxed elementor-section-height-default elementor-section-height-default\" data-id=\"40559ec\" data-element_type=\"section\">\r\n\t\t\r\n\t\t\t\t\t\t\t<div class=\"elementor-container elementor-column-gap-default\">\r\n\t\t\t\t\t\t\t\t\t\t\t<div class=\"elementor-column elementor-col-100 elementor-top-column elementor-element elementor-element-105ea6c\" data-id=\"105ea6c\" data-element_type=\"column\">\r\n\t\t\t\t\t<div class=\"elementor-widget-wrap elementor-element-populated\">\r\n\t\t\t\t\t\t\t\t<div class=\"elementor-element elementor-element-4eb4636 elementor-widget elementor-widget-text-editor\" data-id=\"4eb4636\" data-element_type=\"widget\" data-widget_type=\"text-editor.default\">\n\t\t\t\t<div class=\"elementor-widget-container\">\n\t\t\t\t\t\t\t\t\t<p><span style=\"font-size: 22px; color: #993366; font-family: comic sans ms, sans-serif;\"><strong>KAUNO DAIL\u0116S GIMNAZIJOS MOKINI\u0172 K\u016aRINI\u0172 PARODA<\/strong>\u00a0\u00a0<\/span><\/p>\t\t\t\t\t\t\t\t<\/div>\n\t\t\t\t<\/div>\n\t\t\t\t\t<\/div>\r\n\t\t\t\t<\/div>\r\n\t\t\t\t\t<\/div>\r\n\t\t\t\t<\/section>\r\n\t\t\t\t<section class=\"elementor-section elementor-top-section elementor-element elementor-element-6ef8f79 elementor-section-boxed elementor-section-height-default elementor-section-height-default\" data-id=\"6ef8f79\" data-element_type=\"section\">\r\n\t\t\r\n\t\t\t\t\t\t\t<div class=\"elementor-container elementor-column-gap-default\">\r\n\t\t\t\t\t\t\t\t\t\t\t<div class=\"elementor-column elementor-col-100 elementor-top-column elementor-element elementor-element-7784047\" data-id=\"7784047\" data-element_type=\"column\">\r\n\t\t\t\t\t<div class=\"elementor-widget-wrap elementor-element-populated\">\r\n\t\t\t\t\t\t\t\t<div class=\"elementor-element elementor-element-4a79318 elementor-widget elementor-widget-image\" data-id=\"4a79318\" data-element_type=\"widget\" data-widget_type=\"image.default\">\n\t\t\t\t<div class=\"elementor-widget-container\">\n\t\t\t\t\t\t\t\t\t\t\t\t\t\t\t<img fetchpriority=\"high\" decoding=\"async\" width=\"780\" height=\"435\" src=\"https:\/\/kadg.lt\/wp-content\/uploads\/2022\/03\/Veisiejuose1.jpg\" class=\"attachment-large size-large wp-image-3056\" alt=\"\" srcset=\"https:\/\/kadg.lt\/wp-content\/uploads\/2022\/03\/Veisiejuose1.jpg 780w, https:\/\/kadg.lt\/wp-content\/uploads\/2022\/03\/Veisiejuose1-768x428.jpg 768w, https:\/\/kadg.lt\/wp-content\/uploads\/2022\/03\/Veisiejuose1-640x357.jpg 640w, https:\/\/kadg.lt\/wp-content\/uploads\/2022\/03\/Veisiejuose1-400x223.jpg 400w, https:\/\/kadg.lt\/wp-content\/uploads\/2022\/03\/Veisiejuose1-367x205.jpg 367w, https:\/\/kadg.lt\/wp-content\/uploads\/2022\/03\/Veisiejuose1-600x335.jpg 600w\" sizes=\"(max-width: 780px) 100vw, 780px\" \/>\t\t\t\t\t\t\t\t\t\t\t\t\t\t\t<\/div>\n\t\t\t\t<\/div>\n\t\t\t\t\t<\/div>\r\n\t\t\t\t<\/div>\r\n\t\t\t\t\t<\/div>\r\n\t\t\t\t<\/section>\r\n\t\t\t\t<section class=\"elementor-section elementor-top-section elementor-element elementor-element-925736e elementor-section-boxed elementor-section-height-default elementor-section-height-default\" data-id=\"925736e\" data-element_type=\"section\">\r\n\t\t\r\n\t\t\t\t\t\t\t<div class=\"elementor-container elementor-column-gap-default\">\r\n\t\t\t\t\t\t\t\t\t\t\t<div class=\"elementor-column elementor-col-100 elementor-top-column elementor-element elementor-element-3341eb3\" data-id=\"3341eb3\" data-element_type=\"column\">\r\n\t\t\t\t\t<div class=\"elementor-widget-wrap elementor-element-populated\">\r\n\t\t\t\t\t\t\t\t<div class=\"elementor-element elementor-element-30a3d96 elementor-widget elementor-widget-text-editor\" data-id=\"30a3d96\" data-element_type=\"widget\" data-widget_type=\"text-editor.default\">\n\t\t\t\t<div class=\"elementor-widget-container\">\n\t\t\t\t\t\t\t\t\t<p><span style=\"color: #000000;\">Nuo vasario 28 d. Veisiej\u0173 kra\u0161to muziejaus parod\u0173 sal\u0117je eksponuojama Kauno dail\u0117s gimnazijos mokini\u0173 pie\u0161ini\u0173 paroda. Pirm\u0105j\u0105 paveiksl\u0173 serij\u0105 sudaro kompiuterini\u0173 \u017eaidim\u0173 dailinink\u0117s Ingos Ma\u017e\u0117tyt\u0117s dar 1995 metais kurtas pie\u0161ini\u0173 ciklas \u201eSpinta\u201c. Moksleiv\u0117 paauglyst\u0117s metais \u0161e\u0161iuose k\u016briniuose perteik\u0117 savo spintos turin\u012f. Darbo vadov\u0117 \u2013 mokytoja Laisvyd\u0117 \u0160al\u010di\u016bt\u0117. Antroje parodos dalyje pamatysite a\u0161tuntok\u0173 pie\u0161inius, kurtus k\u016brybin\u0117s praktikos metu T. Ivanausko zoologijos muziejuje. Dail\u0117s mokytojos: I. Da\u0161\u010diorien\u0117, J. Galdikait\u0117, B. \u0160le\u017eien\u0117. \u017daliakalnio \u0161laite pokariu \u012fkurta Kauno dail\u0117s gimnazija veikia ir ugdo jaunuosius dail\u0117s talentus jau nuo 1946 met\u0173. Gimnazijoje d\u0117st\u0117 ar mok\u0117si ne vienas garsus Lietuvos dailininkas: tapytojai Jonas Bura\u010das, Ar\u016bnas Vaitk\u016bnas, tekstilinink\u0117 Danut\u0117 Kvietkevi\u010di\u016bt\u0117, grafikas K\u0119stutis Grigali\u016bnas ir kiti Lietuvos moderniosios dail\u0117s klasikai.<\/span><\/p><p><span style=\"color: #000000;\">Paroda veiks iki kovo 27 d.\u00a0\u00a0<\/span><\/p>\t\t\t\t\t\t\t\t<\/div>\n\t\t\t\t<\/div>\n\t\t\t\t\t<\/div>\r\n\t\t\t\t<\/div>\r\n\t\t\t\t\t<\/div>\r\n\t\t\t\t<\/section>\r\n\t\t\t\t<\/div>\n\t\t","protected":false},"excerpt":{"rendered":"<p>KAUNO DAIL\u0116S GIMNAZIJOS MOKINI\u0172 K\u016aRINI\u0172 PARODA&nbsp;&nbsp; Nuo vasario 28 d. Veisiej\u0173 kra\u0161to muziejaus parod\u0173 sal\u0117je eksponuojama Kauno dail\u0117s gimnazijos mokini\u0173 pie\u0161ini\u0173 paroda. Pirm\u0105j\u0105 paveiksl\u0173 serij\u0105 sudaro kompiuterini\u0173 \u017eaidim\u0173 dailinink\u0117s Ingos Ma\u017e\u0117tyt\u0117s dar 1995 metais kurtas pie\u0161ini\u0173 ciklas \u201eSpinta\u201c. Moksleiv\u0117 paauglyst\u0117s metais \u0161e\u0161iuose k\u016briniuose perteik\u0117 savo spintos turin\u012f. Darbo vadov\u0117 \u2013 mokytoja Laisvyd\u0117 \u0160al\u010di\u016bt\u0117. Antroje parodos [&hellip;]<\/p>\n","protected":false},"author":2,"featured_media":0,"comment_status":"closed","ping_status":"open","sticky":false,"template":"","format":"standard","meta":{"footnotes":""},"categories":[1],"tags":[],"class_list":["post-3053","post","type-post","status-publish","format-standard","hentry","category-uncategorized"],"featured_image_src":{"landsacpe":false,"list":false,"medium":false,"full":false},"_links":{"self":[{"href":"https:\/\/kadg.lt\/index.php\/wp-json\/wp\/v2\/posts\/3053","targetHints":{"allow":["GET"]}}],"collection":[{"href":"https:\/\/kadg.lt\/index.php\/wp-json\/wp\/v2\/posts"}],"about":[{"href":"https:\/\/kadg.lt\/index.php\/wp-json\/wp\/v2\/types\/post"}],"author":[{"embeddable":true,"href":"https:\/\/kadg.lt\/index.php\/wp-json\/wp\/v2\/users\/2"}],"replies":[{"embeddable":true,"href":"https:\/\/kadg.lt\/index.php\/wp-json\/wp\/v2\/comments?post=3053"}],"version-history":[{"count":4,"href":"https:\/\/kadg.lt\/index.php\/wp-json\/wp\/v2\/posts\/3053\/revisions"}],"predecessor-version":[{"id":3060,"href":"https:\/\/kadg.lt\/index.php\/wp-json\/wp\/v2\/posts\/3053\/revisions\/3060"}],"wp:attachment":[{"href":"https:\/\/kadg.lt\/index.php\/wp-json\/wp\/v2\/media?parent=3053"}],"wp:term":[{"taxonomy":"category","embeddable":true,"href":"https:\/\/kadg.lt\/index.php\/wp-json\/wp\/v2\/categories?post=3053"},{"taxonomy":"post_tag","embeddable":true,"href":"https:\/\/kadg.lt\/index.php\/wp-json\/wp\/v2\/tags?post=3053"}],"curies":[{"name":"wp","href":"https:\/\/api.w.org\/{rel}","templated":true}]}}