{"id":3830,"date":"2022-12-16T09:33:22","date_gmt":"2022-12-16T06:33:22","guid":{"rendered":"https:\/\/kadg.lt\/?p=3830"},"modified":"2022-12-16T09:35:26","modified_gmt":"2022-12-16T06:35:26","slug":"laiptu-galerijoje-kalediniu-atviruku-miniatiuru-ir-piesiniu-paroda","status":"publish","type":"post","link":"https:\/\/kadg.lt\/index.php\/2022\/12\/16\/laiptu-galerijoje-kalediniu-atviruku-miniatiuru-ir-piesiniu-paroda\/","title":{"rendered":"&#8222;Laipt\u0173&#8221; galerijoje &#8211; kal\u0117dini\u0173 atviruk\u0173, miniati\u016br\u0173 ir pie\u0161ini\u0173 paroda."},"content":{"rendered":"\t\t<div data-elementor-type=\"wp-post\" data-elementor-id=\"3830\" class=\"elementor elementor-3830\">\n\t\t\t\t\t\t<section class=\"elementor-section elementor-top-section elementor-element elementor-element-c03cafd elementor-section-boxed elementor-section-height-default elementor-section-height-default\" data-id=\"c03cafd\" data-element_type=\"section\">\r\n\t\t\r\n\t\t\t\t\t\t\t<div class=\"elementor-container elementor-column-gap-default\">\r\n\t\t\t\t\t\t\t\t\t\t\t<div class=\"elementor-column elementor-col-100 elementor-top-column elementor-element elementor-element-3a90a5b\" data-id=\"3a90a5b\" data-element_type=\"column\">\r\n\t\t\t\t\t<div class=\"elementor-widget-wrap elementor-element-populated\">\r\n\t\t\t\t\t\t\t\t<div class=\"elementor-element elementor-element-97ffb57 elementor-widget elementor-widget-image\" data-id=\"97ffb57\" data-element_type=\"widget\" data-widget_type=\"image.default\">\n\t\t\t\t<div class=\"elementor-widget-container\">\n\t\t\t\t\t\t\t\t\t\t\t\t\t\t\t<img fetchpriority=\"high\" decoding=\"async\" width=\"717\" height=\"484\" src=\"https:\/\/kadg.lt\/wp-content\/uploads\/2022\/12\/kalediniai2.jpg\" class=\"attachment-large size-large wp-image-3833\" alt=\"\" srcset=\"https:\/\/kadg.lt\/wp-content\/uploads\/2022\/12\/kalediniai2.jpg 717w, https:\/\/kadg.lt\/wp-content\/uploads\/2022\/12\/kalediniai2-640x432.jpg 640w, https:\/\/kadg.lt\/wp-content\/uploads\/2022\/12\/kalediniai2-400x270.jpg 400w, https:\/\/kadg.lt\/wp-content\/uploads\/2022\/12\/kalediniai2-367x248.jpg 367w, https:\/\/kadg.lt\/wp-content\/uploads\/2022\/12\/kalediniai2-600x405.jpg 600w\" sizes=\"(max-width: 717px) 100vw, 717px\" \/>\t\t\t\t\t\t\t\t\t\t\t\t\t\t\t<\/div>\n\t\t\t\t<\/div>\n\t\t\t\t\t<\/div>\r\n\t\t\t\t<\/div>\r\n\t\t\t\t\t<\/div>\r\n\t\t\t\t<\/section>\r\n\t\t\t\t<section class=\"elementor-section elementor-top-section elementor-element elementor-element-1d980e4 elementor-section-boxed elementor-section-height-default elementor-section-height-default\" data-id=\"1d980e4\" data-element_type=\"section\">\r\n\t\t\r\n\t\t\t\t\t\t\t<div class=\"elementor-container elementor-column-gap-default\">\r\n\t\t\t\t\t\t\t\t\t\t\t<div class=\"elementor-column elementor-col-100 elementor-top-column elementor-element elementor-element-24bee3a\" data-id=\"24bee3a\" data-element_type=\"column\">\r\n\t\t\t\t\t<div class=\"elementor-widget-wrap elementor-element-populated\">\r\n\t\t\t\t\t\t\t\t<div class=\"elementor-element elementor-element-27ebaf5 elementor-widget elementor-widget-text-editor\" data-id=\"27ebaf5\" data-element_type=\"widget\" data-widget_type=\"text-editor.default\">\n\t\t\t\t<div class=\"elementor-widget-container\">\n\t\t\t\t\t\t\t\t\t<p><span style=\"color: #000000; font-size: 18px;\">Kauno dail\u0117s gimnazijos &#8222;Laipt\u0173&#8221; galerijoje (Dainavos ir Dz\u016bk\u0173 g. pastatuose) nuo 2022 m.gruod\u017eio 14 d. eksponuojama kal\u0117dini\u0173 atviruk\u0173, miniati\u016br\u0173 ir pie\u0161ini\u0173 paroda. Dail\u0117s mokytojai:\u00a0\u00a0D. \u0160lajien\u0117, G. Dadurkevi\u010dien\u0117, T. \u017debrauskas, J. Galdikait\u0117, R. \u017dmuidien\u0117, V. Katkevi\u010di\u016bt\u0117, D. \u010cepulien\u0117, B. Smalakien\u0117, E. Mikalauskis<\/span><\/p><p><span style=\"color: #000000; font-size: 18px;\">Daugiau nuotrauk\u0173:<\/span>\u00a0<a href=\"https:\/\/photos.app.goo.gl\/G4NuaCng6nV8ELwb9\"><span style=\"font-size: 18px;\">https:\/\/photos.app.goo.gl\/G4NuaCng6nV8ELwb9<\/span><\/a><\/p><p>\u00a0<\/p>\t\t\t\t\t\t\t\t<\/div>\n\t\t\t\t<\/div>\n\t\t\t\t\t<\/div>\r\n\t\t\t\t<\/div>\r\n\t\t\t\t\t<\/div>\r\n\t\t\t\t<\/section>\r\n\t\t\t\t<\/div>\n\t\t","protected":false},"excerpt":{"rendered":"<p>Kauno dail\u0117s gimnazijos &#8222;Laipt\u0173&#8221; galerijoje (Dainavos ir Dz\u016bk\u0173 g. pastatuose) nuo 2022 m.gruod\u017eio 14 d. eksponuojama kal\u0117dini\u0173 atviruk\u0173, miniati\u016br\u0173 ir pie\u0161ini\u0173 paroda. Dail\u0117s mokytojai:\u00a0\u00a0D. \u0160lajien\u0117, G. Dadurkevi\u010dien\u0117, T. \u017debrauskas, J. Galdikait\u0117, R. \u017dmuidien\u0117, V. Katkevi\u010di\u016bt\u0117, D. \u010cepulien\u0117, B. Smalakien\u0117, E. Mikalauskis Daugiau nuotrauk\u0173:\u00a0https:\/\/photos.app.goo.gl\/G4NuaCng6nV8ELwb9 \u00a0<\/p>\n","protected":false},"author":2,"featured_media":0,"comment_status":"closed","ping_status":"open","sticky":true,"template":"","format":"standard","meta":{"footnotes":""},"categories":[1],"tags":[],"class_list":["post-3830","post","type-post","status-publish","format-standard","hentry","category-uncategorized"],"featured_image_src":{"landsacpe":false,"list":false,"medium":false,"full":false},"_links":{"self":[{"href":"https:\/\/kadg.lt\/index.php\/wp-json\/wp\/v2\/posts\/3830","targetHints":{"allow":["GET"]}}],"collection":[{"href":"https:\/\/kadg.lt\/index.php\/wp-json\/wp\/v2\/posts"}],"about":[{"href":"https:\/\/kadg.lt\/index.php\/wp-json\/wp\/v2\/types\/post"}],"author":[{"embeddable":true,"href":"https:\/\/kadg.lt\/index.php\/wp-json\/wp\/v2\/users\/2"}],"replies":[{"embeddable":true,"href":"https:\/\/kadg.lt\/index.php\/wp-json\/wp\/v2\/comments?post=3830"}],"version-history":[{"count":4,"href":"https:\/\/kadg.lt\/index.php\/wp-json\/wp\/v2\/posts\/3830\/revisions"}],"predecessor-version":[{"id":3836,"href":"https:\/\/kadg.lt\/index.php\/wp-json\/wp\/v2\/posts\/3830\/revisions\/3836"}],"wp:attachment":[{"href":"https:\/\/kadg.lt\/index.php\/wp-json\/wp\/v2\/media?parent=3830"}],"wp:term":[{"taxonomy":"category","embeddable":true,"href":"https:\/\/kadg.lt\/index.php\/wp-json\/wp\/v2\/categories?post=3830"},{"taxonomy":"post_tag","embeddable":true,"href":"https:\/\/kadg.lt\/index.php\/wp-json\/wp\/v2\/tags?post=3830"}],"curies":[{"name":"wp","href":"https:\/\/api.w.org\/{rel}","templated":true}]}}