{"id":7135,"date":"2025-02-03T10:34:59","date_gmt":"2025-02-03T07:34:59","guid":{"rendered":"https:\/\/kadg.lt\/?p=7135"},"modified":"2025-02-03T10:41:45","modified_gmt":"2025-02-03T07:41:45","slug":"9-12-kl-mokiniu-piesiniu-paroda-laiptu-galerijoje","status":"publish","type":"post","link":"https:\/\/kadg.lt\/index.php\/2025\/02\/03\/9-12-kl-mokiniu-piesiniu-paroda-laiptu-galerijoje\/","title":{"rendered":"9-12 kl. mokini\u0173 pie\u0161ini\u0173 paroda\u00a0\u201eLaipt\u0173\u201c galerijoje."},"content":{"rendered":"\t\t<div data-elementor-type=\"wp-post\" data-elementor-id=\"7135\" class=\"elementor elementor-7135\">\n\t\t\t\t\t\t<section class=\"elementor-section elementor-top-section elementor-element elementor-element-ed44636 elementor-section-boxed elementor-section-height-default elementor-section-height-default\" data-id=\"ed44636\" data-element_type=\"section\">\r\n\t\t\r\n\t\t\t\t\t\t\t<div class=\"elementor-container elementor-column-gap-default\">\r\n\t\t\t\t\t\t\t\t\t\t\t<div class=\"elementor-column elementor-col-100 elementor-top-column elementor-element elementor-element-622277f\" data-id=\"622277f\" data-element_type=\"column\">\r\n\t\t\t\t\t<div class=\"elementor-widget-wrap elementor-element-populated\">\r\n\t\t\t\t\t\t\t\t<div class=\"elementor-element elementor-element-9d70b10 elementor-widget elementor-widget-text-editor\" data-id=\"9d70b10\" data-element_type=\"widget\" data-widget_type=\"text-editor.default\">\n\t\t\t\t<div class=\"elementor-widget-container\">\n\t\t\t\t\t\t\t\t\t<div data-olk-copy-source=\"MessageBody\"><span style=\"font-size: 18px;\">2025 m. sausio 30 d. Kauno dail\u0117s gimnazijos \u201eLaipt\u0173\u201c galerijoje atidaryta 9-12 kl. mokini\u0173 pie\u0161ini\u0173 paroda. Autoriai: Indr\u0117 Namikait\u0117, Simona Puikyt\u0117, Rusn\u0117 \u0160emberyt\u0117, Nedas Mickevi\u010dius, Ugn\u0117 Kana\u017eauskait\u0117, Liepa Juodyt\u0117, Agn\u0117 Kavaliauskait\u0117, Viktorija Maciunskait\u0117, Eivil\u0117 Abramavi\u010di\u016bt\u0117, Aust\u0117ja Kunickait\u0117, Vilija Gedminait\u0117, Ieva Martinonyt\u0117<\/span><br \/><span style=\"font-size: 18px;\">Dail\u0117s mokytojai: Ingrida Da\u0161\u010diorien\u0117, Danguol\u0117 Lunskien\u0117, \u010ceslovas Pe\u010diukas, Art\u016bras Rimkevi\u010dius, Neringa \u0160iupinskien\u0117, Birut\u0117 \u0160le\u017eien\u0117<\/span><\/div><div><span style=\"font-size: 18px;\">Daugiau informacijos:\u00a0<a id=\"LPlnk738605\" title=\"https:\/\/photos.app.goo.gl\/9fCcKDUyqY38PcrJ7\" href=\"https:\/\/photos.app.goo.gl\/9fCcKDUyqY38PcrJ7\" target=\"_blank\" rel=\"noopener noreferrer\" data-auth=\"NotApplicable\" data-linkindex=\"0\">https:\/\/photos.app.goo.gl\/9fCcKDUyqY38PcrJ7<\/a><\/span><\/div><div>\u00a0<\/div>\t\t\t\t\t\t\t\t<\/div>\n\t\t\t\t<\/div>\n\t\t\t\t\t<\/div>\r\n\t\t\t\t<\/div>\r\n\t\t\t\t\t<\/div>\r\n\t\t\t\t<\/section>\r\n\t\t\t\t<section class=\"elementor-section elementor-top-section elementor-element elementor-element-cbc9bc5 elementor-section-boxed elementor-section-height-default elementor-section-height-default\" data-id=\"cbc9bc5\" data-element_type=\"section\">\r\n\t\t\r\n\t\t\t\t\t\t\t<div class=\"elementor-container elementor-column-gap-default\">\r\n\t\t\t\t\t\t\t\t\t\t\t<div class=\"elementor-column elementor-col-100 elementor-top-column elementor-element elementor-element-bfe93c4\" data-id=\"bfe93c4\" data-element_type=\"column\">\r\n\t\t\t\t\t<div class=\"elementor-widget-wrap elementor-element-populated\">\r\n\t\t\t\t\t\t\t\t<div class=\"elementor-element elementor-element-1658e78 elementor-widget elementor-widget-image\" data-id=\"1658e78\" data-element_type=\"widget\" data-widget_type=\"image.default\">\n\t\t\t\t<div class=\"elementor-widget-container\">\n\t\t\t\t\t\t\t\t\t\t\t\t\t\t\t<img fetchpriority=\"high\" decoding=\"async\" width=\"514\" height=\"713\" src=\"https:\/\/kadg.lt\/wp-content\/uploads\/2025\/02\/piesiniai-laiptuose.png\" class=\"attachment-large size-large wp-image-7141\" alt=\"\" srcset=\"https:\/\/kadg.lt\/wp-content\/uploads\/2025\/02\/piesiniai-laiptuose.png 514w, https:\/\/kadg.lt\/wp-content\/uploads\/2025\/02\/piesiniai-laiptuose-400x555.png 400w, https:\/\/kadg.lt\/wp-content\/uploads\/2025\/02\/piesiniai-laiptuose-367x509.png 367w\" sizes=\"(max-width: 514px) 100vw, 514px\" \/>\t\t\t\t\t\t\t\t\t\t\t\t\t\t\t<\/div>\n\t\t\t\t<\/div>\n\t\t\t\t\t<\/div>\r\n\t\t\t\t<\/div>\r\n\t\t\t\t\t<\/div>\r\n\t\t\t\t<\/section>\r\n\t\t\t\t<\/div>\n\t\t","protected":false},"excerpt":{"rendered":"<p>2025 m. sausio 30 d. Kauno dail\u0117s gimnazijos \u201eLaipt\u0173\u201c galerijoje atidaryta 9-12 kl. mokini\u0173 pie\u0161ini\u0173 paroda. Autoriai: Indr\u0117 Namikait\u0117, Simona Puikyt\u0117, Rusn\u0117 \u0160emberyt\u0117, Nedas Mickevi\u010dius, Ugn\u0117 Kana\u017eauskait\u0117, Liepa Juodyt\u0117, Agn\u0117 Kavaliauskait\u0117, Viktorija Maciunskait\u0117, Eivil\u0117 Abramavi\u010di\u016bt\u0117, Aust\u0117ja Kunickait\u0117, Vilija Gedminait\u0117, Ieva Martinonyt\u0117Dail\u0117s mokytojai: Ingrida Da\u0161\u010diorien\u0117, Danguol\u0117 Lunskien\u0117, \u010ceslovas Pe\u010diukas, Art\u016bras Rimkevi\u010dius, Neringa \u0160iupinskien\u0117, Birut\u0117 \u0160le\u017eien\u0117Daugiau informacijos:\u00a0https:\/\/photos.app.goo.gl\/9fCcKDUyqY38PcrJ7\u00a0<\/p>\n","protected":false},"author":2,"featured_media":0,"comment_status":"closed","ping_status":"open","sticky":true,"template":"","format":"standard","meta":{"footnotes":""},"categories":[1],"tags":[],"class_list":["post-7135","post","type-post","status-publish","format-standard","hentry","category-uncategorized"],"featured_image_src":{"landsacpe":false,"list":false,"medium":false,"full":false},"_links":{"self":[{"href":"https:\/\/kadg.lt\/index.php\/wp-json\/wp\/v2\/posts\/7135","targetHints":{"allow":["GET"]}}],"collection":[{"href":"https:\/\/kadg.lt\/index.php\/wp-json\/wp\/v2\/posts"}],"about":[{"href":"https:\/\/kadg.lt\/index.php\/wp-json\/wp\/v2\/types\/post"}],"author":[{"embeddable":true,"href":"https:\/\/kadg.lt\/index.php\/wp-json\/wp\/v2\/users\/2"}],"replies":[{"embeddable":true,"href":"https:\/\/kadg.lt\/index.php\/wp-json\/wp\/v2\/comments?post=7135"}],"version-history":[{"count":7,"href":"https:\/\/kadg.lt\/index.php\/wp-json\/wp\/v2\/posts\/7135\/revisions"}],"predecessor-version":[{"id":7144,"href":"https:\/\/kadg.lt\/index.php\/wp-json\/wp\/v2\/posts\/7135\/revisions\/7144"}],"wp:attachment":[{"href":"https:\/\/kadg.lt\/index.php\/wp-json\/wp\/v2\/media?parent=7135"}],"wp:term":[{"taxonomy":"category","embeddable":true,"href":"https:\/\/kadg.lt\/index.php\/wp-json\/wp\/v2\/categories?post=7135"},{"taxonomy":"post_tag","embeddable":true,"href":"https:\/\/kadg.lt\/index.php\/wp-json\/wp\/v2\/tags?post=7135"}],"curies":[{"name":"wp","href":"https:\/\/api.w.org\/{rel}","templated":true}]}}