{"id":7336,"date":"2025-03-13T16:05:37","date_gmt":"2025-03-13T13:05:37","guid":{"rendered":"https:\/\/kadg.lt\/?p=7336"},"modified":"2025-03-14T10:04:38","modified_gmt":"2025-03-14T07:04:38","slug":"dailes-konkurso-geltona-zalia-raudona-2025-laureatai","status":"publish","type":"post","link":"https:\/\/kadg.lt\/index.php\/2025\/03\/13\/dailes-konkurso-geltona-zalia-raudona-2025-laureatai\/","title":{"rendered":"Dail\u0117s konkurso \u201eGELTONA \u017dALIA RAUDONA\u201c 2025 laureatai."},"content":{"rendered":"\t\t<div data-elementor-type=\"wp-post\" data-elementor-id=\"7336\" class=\"elementor elementor-7336\">\n\t\t\t\t\t\t<section class=\"elementor-section elementor-top-section elementor-element elementor-element-7b996b3f elementor-section-boxed elementor-section-height-default elementor-section-height-default\" data-id=\"7b996b3f\" data-element_type=\"section\">\r\n\t\t\r\n\t\t\t\t\t\t\t<div class=\"elementor-container elementor-column-gap-default\">\r\n\t\t\t\t\t\t\t\t\t\t\t<div class=\"elementor-column elementor-col-100 elementor-top-column elementor-element elementor-element-3afb4eab\" data-id=\"3afb4eab\" data-element_type=\"column\">\r\n\t\t\t\t\t<div class=\"elementor-widget-wrap elementor-element-populated\">\r\n\t\t\t\t\t\t\t\t<div class=\"elementor-element elementor-element-b8026ba elementor-widget elementor-widget-text-editor\" data-id=\"b8026ba\" data-element_type=\"widget\" data-widget_type=\"text-editor.default\">\n\t\t\t\t<div class=\"elementor-widget-container\">\n\t\t\t\t\t\t\t\t\t<p style=\"text-align: center;\"><span style=\"font-size: 22px; font-family: book antiqua, palatino, serif;\"><strong>I vietos DIPLOMAIS apdovanojami:<\/strong><\/span><\/p>\t\t\t\t\t\t\t\t<\/div>\n\t\t\t\t<\/div>\n\t\t\t\t\t<\/div>\r\n\t\t\t\t<\/div>\r\n\t\t\t\t\t<\/div>\r\n\t\t\t\t<\/section>\r\n\t\t\t\t<section class=\"elementor-section elementor-top-section elementor-element elementor-element-d254b04 elementor-section-boxed elementor-section-height-default elementor-section-height-default\" data-id=\"d254b04\" data-element_type=\"section\">\r\n\t\t\r\n\t\t\t\t\t\t\t<div class=\"elementor-container elementor-column-gap-default\">\r\n\t\t\t\t\t\t\t\t\t\t\t<div class=\"elementor-column elementor-col-33 elementor-top-column elementor-element elementor-element-96eb64f\" data-id=\"96eb64f\" data-element_type=\"column\">\r\n\t\t\t\t\t<div class=\"elementor-widget-wrap elementor-element-populated\">\r\n\t\t\t\t\t\t\t\t<div class=\"elementor-element elementor-element-881d718 elementor-widget elementor-widget-text-editor\" data-id=\"881d718\" data-element_type=\"widget\" data-widget_type=\"text-editor.default\">\n\t\t\t\t<div class=\"elementor-widget-container\">\n\t\t\t\t\t\t\t\t\t<p><strong>9-10 kl. kategorijoje \u2013 Dominykas Gurskas, 9 kl. (mokytoja Aist\u0117 Ju\u0161kevi\u010di\u016bt\u0117)<\/strong><\/p>\t\t\t\t\t\t\t\t<\/div>\n\t\t\t\t<\/div>\n\t\t\t\t<div class=\"elementor-element elementor-element-f156216 elementor-widget elementor-widget-image\" data-id=\"f156216\" data-element_type=\"widget\" data-widget_type=\"image.default\">\n\t\t\t\t<div class=\"elementor-widget-container\">\n\t\t\t\t\t\t\t\t\t\t\t\t\t\t\t<img fetchpriority=\"high\" decoding=\"async\" width=\"1024\" height=\"701\" src=\"https:\/\/kadg.lt\/wp-content\/uploads\/2025\/03\/1-VIETA-DOMINYKAS-GURSKAS-I-gimnaz-kl-mokytoja-Aiste-Juskeviciute-9-10-kl.-grupe-1024x701.jpeg\" class=\"attachment-large size-large wp-image-7343\" alt=\"\" srcset=\"https:\/\/kadg.lt\/wp-content\/uploads\/2025\/03\/1-VIETA-DOMINYKAS-GURSKAS-I-gimnaz-kl-mokytoja-Aiste-Juskeviciute-9-10-kl.-grupe-1024x701.jpeg 1024w, https:\/\/kadg.lt\/wp-content\/uploads\/2025\/03\/1-VIETA-DOMINYKAS-GURSKAS-I-gimnaz-kl-mokytoja-Aiste-Juskeviciute-9-10-kl.-grupe-768x525.jpeg 768w, https:\/\/kadg.lt\/wp-content\/uploads\/2025\/03\/1-VIETA-DOMINYKAS-GURSKAS-I-gimnaz-kl-mokytoja-Aiste-Juskeviciute-9-10-kl.-grupe-640x438.jpeg 640w, https:\/\/kadg.lt\/wp-content\/uploads\/2025\/03\/1-VIETA-DOMINYKAS-GURSKAS-I-gimnaz-kl-mokytoja-Aiste-Juskeviciute-9-10-kl.-grupe-400x274.jpeg 400w, https:\/\/kadg.lt\/wp-content\/uploads\/2025\/03\/1-VIETA-DOMINYKAS-GURSKAS-I-gimnaz-kl-mokytoja-Aiste-Juskeviciute-9-10-kl.-grupe-367x251.jpeg 367w, https:\/\/kadg.lt\/wp-content\/uploads\/2025\/03\/1-VIETA-DOMINYKAS-GURSKAS-I-gimnaz-kl-mokytoja-Aiste-Juskeviciute-9-10-kl.-grupe-600x410.jpeg 600w\" sizes=\"(max-width: 1024px) 100vw, 1024px\" \/>\t\t\t\t\t\t\t\t\t\t\t\t\t\t\t<\/div>\n\t\t\t\t<\/div>\n\t\t\t\t\t<\/div>\r\n\t\t\t\t<\/div>\r\n\t\t\t\t<div class=\"elementor-column elementor-col-33 elementor-top-column elementor-element elementor-element-ba498bf\" data-id=\"ba498bf\" data-element_type=\"column\">\r\n\t\t\t\t\t<div class=\"elementor-widget-wrap elementor-element-populated\">\r\n\t\t\t\t\t\t\t\t<div class=\"elementor-element elementor-element-f68c9ea elementor-widget elementor-widget-text-editor\" data-id=\"f68c9ea\" data-element_type=\"widget\" data-widget_type=\"text-editor.default\">\n\t\t\t\t<div class=\"elementor-widget-container\">\n\t\t\t\t\t\t\t\t\t<p class=\"x_MsoNormal\"><strong>7-8 kl. kategorijoje \u2013 Patricija \u0160e\u0161tokait\u0117, 7 kl. (mokytoja Daiva \u0160lajien\u0117)<\/strong><\/p>\t\t\t\t\t\t\t\t<\/div>\n\t\t\t\t<\/div>\n\t\t\t\t<div class=\"elementor-element elementor-element-b3bf5ba elementor-widget elementor-widget-image\" data-id=\"b3bf5ba\" data-element_type=\"widget\" data-widget_type=\"image.default\">\n\t\t\t\t<div class=\"elementor-widget-container\">\n\t\t\t\t\t\t\t\t\t\t\t\t\t\t\t<img decoding=\"async\" width=\"1024\" height=\"722\" src=\"https:\/\/kadg.lt\/wp-content\/uploads\/2025\/03\/1-vieta-PATRICIJA-SESTOKAITE-7-kl.-mokytoja-Daiva-Slajiene-7-8-kl.-grupe-1024x722.jpeg\" class=\"attachment-large size-large wp-image-7342\" alt=\"\" srcset=\"https:\/\/kadg.lt\/wp-content\/uploads\/2025\/03\/1-vieta-PATRICIJA-SESTOKAITE-7-kl.-mokytoja-Daiva-Slajiene-7-8-kl.-grupe-1024x722.jpeg 1024w, https:\/\/kadg.lt\/wp-content\/uploads\/2025\/03\/1-vieta-PATRICIJA-SESTOKAITE-7-kl.-mokytoja-Daiva-Slajiene-7-8-kl.-grupe-768x541.jpeg 768w, https:\/\/kadg.lt\/wp-content\/uploads\/2025\/03\/1-vieta-PATRICIJA-SESTOKAITE-7-kl.-mokytoja-Daiva-Slajiene-7-8-kl.-grupe-640x451.jpeg 640w, https:\/\/kadg.lt\/wp-content\/uploads\/2025\/03\/1-vieta-PATRICIJA-SESTOKAITE-7-kl.-mokytoja-Daiva-Slajiene-7-8-kl.-grupe-400x282.jpeg 400w, https:\/\/kadg.lt\/wp-content\/uploads\/2025\/03\/1-vieta-PATRICIJA-SESTOKAITE-7-kl.-mokytoja-Daiva-Slajiene-7-8-kl.-grupe-367x259.jpeg 367w, https:\/\/kadg.lt\/wp-content\/uploads\/2025\/03\/1-vieta-PATRICIJA-SESTOKAITE-7-kl.-mokytoja-Daiva-Slajiene-7-8-kl.-grupe-600x423.jpeg 600w\" sizes=\"(max-width: 1024px) 100vw, 1024px\" \/>\t\t\t\t\t\t\t\t\t\t\t\t\t\t\t<\/div>\n\t\t\t\t<\/div>\n\t\t\t\t\t<\/div>\r\n\t\t\t\t<\/div>\r\n\t\t\t\t<div class=\"elementor-column elementor-col-33 elementor-top-column elementor-element elementor-element-1f179c0\" data-id=\"1f179c0\" data-element_type=\"column\">\r\n\t\t\t\t\t<div class=\"elementor-widget-wrap elementor-element-populated\">\r\n\t\t\t\t\t\t\t\t<div class=\"elementor-element elementor-element-09a6ee5 elementor-widget elementor-widget-text-editor\" data-id=\"09a6ee5\" data-element_type=\"widget\" data-widget_type=\"text-editor.default\">\n\t\t\t\t<div class=\"elementor-widget-container\">\n\t\t\t\t\t\t\t\t\t<p><strong>5-6 kl. kategorijoje \u2013 Jurgis \u0160vedas, 6 kl. (mokytoja Aist\u0117 Ju\u0161kevi\u010di\u016bt\u0117)<\/strong><\/p>\t\t\t\t\t\t\t\t<\/div>\n\t\t\t\t<\/div>\n\t\t\t\t<div class=\"elementor-element elementor-element-9aa3ccd elementor-widget elementor-widget-image\" data-id=\"9aa3ccd\" data-element_type=\"widget\" data-widget_type=\"image.default\">\n\t\t\t\t<div class=\"elementor-widget-container\">\n\t\t\t\t\t\t\t\t\t\t\t\t\t\t\t<img decoding=\"async\" width=\"1024\" height=\"733\" src=\"https:\/\/kadg.lt\/wp-content\/uploads\/2025\/03\/1-VIETA-JURGIS-SVEDAS-6-kl.-mokytoja-Aiste-Juskeviciute-5-6-kl.-grupe-1024x733.jpeg\" class=\"attachment-large size-large wp-image-7341\" alt=\"\" srcset=\"https:\/\/kadg.lt\/wp-content\/uploads\/2025\/03\/1-VIETA-JURGIS-SVEDAS-6-kl.-mokytoja-Aiste-Juskeviciute-5-6-kl.-grupe-1024x733.jpeg 1024w, https:\/\/kadg.lt\/wp-content\/uploads\/2025\/03\/1-VIETA-JURGIS-SVEDAS-6-kl.-mokytoja-Aiste-Juskeviciute-5-6-kl.-grupe-768x550.jpeg 768w, https:\/\/kadg.lt\/wp-content\/uploads\/2025\/03\/1-VIETA-JURGIS-SVEDAS-6-kl.-mokytoja-Aiste-Juskeviciute-5-6-kl.-grupe-640x458.jpeg 640w, https:\/\/kadg.lt\/wp-content\/uploads\/2025\/03\/1-VIETA-JURGIS-SVEDAS-6-kl.-mokytoja-Aiste-Juskeviciute-5-6-kl.-grupe-400x286.jpeg 400w, https:\/\/kadg.lt\/wp-content\/uploads\/2025\/03\/1-VIETA-JURGIS-SVEDAS-6-kl.-mokytoja-Aiste-Juskeviciute-5-6-kl.-grupe-367x263.jpeg 367w, https:\/\/kadg.lt\/wp-content\/uploads\/2025\/03\/1-VIETA-JURGIS-SVEDAS-6-kl.-mokytoja-Aiste-Juskeviciute-5-6-kl.-grupe-600x429.jpeg 600w\" sizes=\"(max-width: 1024px) 100vw, 1024px\" \/>\t\t\t\t\t\t\t\t\t\t\t\t\t\t\t<\/div>\n\t\t\t\t<\/div>\n\t\t\t\t\t<\/div>\r\n\t\t\t\t<\/div>\r\n\t\t\t\t\t<\/div>\r\n\t\t\t\t<\/section>\r\n\t\t\t\t<section class=\"elementor-section elementor-top-section elementor-element elementor-element-34d186f elementor-section-boxed elementor-section-height-default elementor-section-height-default\" data-id=\"34d186f\" data-element_type=\"section\">\r\n\t\t\r\n\t\t\t\t\t\t\t<div class=\"elementor-container elementor-column-gap-default\">\r\n\t\t\t\t\t\t\t\t\t\t\t<div class=\"elementor-column elementor-col-100 elementor-top-column elementor-element elementor-element-235aa61\" data-id=\"235aa61\" data-element_type=\"column\">\r\n\t\t\t\t\t<div class=\"elementor-widget-wrap elementor-element-populated\">\r\n\t\t\t\t\t\t\t\t<div class=\"elementor-element elementor-element-def41cc elementor-widget elementor-widget-text-editor\" data-id=\"def41cc\" data-element_type=\"widget\" data-widget_type=\"text-editor.default\">\n\t\t\t\t<div class=\"elementor-widget-container\">\n\t\t\t\t\t\t\t\t\t<p style=\"text-align: center;\"><strong>DIPLOMAIS u\u017e i\u0161skirtin\u012f darb\u0105 apdovanojami:<\/strong><\/p>\n<p style=\"text-align: center;\"><strong>5 klas\u0117:<\/strong><\/p>\n<p style=\"text-align: center;\"><strong>Barbora Dranseikait\u0117 \u2013 u\u017e istorin\u0117s atminties puosel\u0117jim\u0105 (mokytoja Dalia \u010cepulien\u0117)<\/strong><\/p>\n<p style=\"text-align: center;\"><strong>Vasar\u0117 Steponavi\u010di\u016bt\u0117 \u2013 u\u017e meni\u0161k\u0105 etnografini\u0173 simboli\u0173 interpretacij\u0105 (mokytoja Rasa \u017dmuidien\u0117)<\/strong><\/p>\n<p style=\"text-align: center;\"><strong>6 klas\u0117:<\/strong><\/p>\n<p style=\"text-align: center;\"><strong>Gyt\u0117 Vaitkevi\u010di\u016bt\u0117 \u2013 u\u017e originali\u0105 vaizdin\u0119 kompozicij\u0105 (mokytoja Aist\u0117 Ju\u0161kevi\u010di\u016bt\u0117)<\/strong><\/p>\n<p style=\"text-align: center;\"><strong>Radvil\u0117 Urbonait\u0117 \u2013 u\u017e istorin\u0117s atminties \u012fprasminim\u0105 (mokytoja Neringa \u0160iupinskien\u0117)<\/strong><\/p>\n<p style=\"text-align: center;\"><strong>7 klas\u0117:<\/strong><\/p>\n<p style=\"text-align: center;\"><strong>Julija Kvasili\u016bt\u0117 \u2013 u\u017e subtil\u0173 ir tapybi\u0161k\u0105 temos atskleidim\u0105 (mokytojas Tadas \u017debrauskas)<\/strong><\/p>\n<p style=\"text-align: center;\"><strong>Ema Dagyt\u0117 \u2013 u\u017e dekoratyv\u0173 temos perteikim\u0105 (mokytoja Daiva \u0160lajien\u0117)<\/strong><\/p>\n<p style=\"text-align: center;\"><strong>Norbertas Baibokas \u2013 u\u017e meni\u0161k\u0105 signataro, tautos patriarcho portret\u0105 (mokytoja Jolanta Galdikait\u0117)<\/strong><\/p>\n<p style=\"text-align: center;\"><strong>8 klas\u0117:<\/strong><\/p>\n<p style=\"text-align: center;\"><strong>Dominyka Kazokait\u0117 \u2013 u\u017e istorin\u0117s atminties \u012fprasminim\u0105 (mokytoja Beata Smalakien\u0117)<\/strong><\/p>\n<p style=\"text-align: center;\"><strong>Jor\u0117 Jacinait\u0117 \u2013 u\u017e meni\u0161k\u0105 Sausio 13-osios \u012fam\u017einim\u0105 (mokytoja Aist\u0117 Ju\u0161kevi\u010di\u016bt\u0117)<\/strong><\/p>\n<p style=\"text-align: center;\"><strong>Sofija Did\u017eiokait\u0117 \u2013 u\u017e originali\u0105 vaizdin\u0119 kompozicij\u0105 (mokytoja Aist\u0117 Ju\u0161kevi\u010di\u016bt\u0117)<\/strong><\/p>\n<p style=\"text-align: center;\"><strong>9 klas\u0117:<\/strong><\/p>\n<p style=\"text-align: center;\"><strong>Lukn\u0117 Jusaityt\u0117 \u2013 u\u017e jautriai atlikt\u0105 lietuvi\u0173 dail\u0117s klasiko portret\u0105 (mokytoja Aist\u0117 Ju\u0161kevi\u010di\u016bt\u0117)<\/strong><\/p>\n<p style=\"text-align: center;\"><strong>Faustas Duoba \u2013 u\u017e istorin\u0117s asmenyb\u0117s portreto interpretacij\u0105 (mokytoja Aist\u0117 Ju\u0161kevi\u010di\u016bt\u0117)<\/strong><\/p>\n<p style=\"text-align: center;\"><strong>Gabija G\u016b\u017eyt\u0117 \u2013 u\u017e originali\u0105 vaizdin\u0119 kompozicij\u0105 (mokytoja Aist\u0117 Ju\u0161kevi\u010di\u016bt\u0117)<\/strong><\/p>\t\t\t\t\t\t\t\t<\/div>\n\t\t\t\t<\/div>\n\t\t\t\t\t<\/div>\r\n\t\t\t\t<\/div>\r\n\t\t\t\t\t<\/div>\r\n\t\t\t\t<\/section>\r\n\t\t\t\t<\/div>\n\t\t","protected":false},"excerpt":{"rendered":"<p>I vietos DIPLOMAIS apdovanojami: 9-10 kl. kategorijoje \u2013 Dominykas Gurskas, 9 kl. (mokytoja Aist\u0117 Ju\u0161kevi\u010di\u016bt\u0117) 7-8 kl. kategorijoje \u2013 Patricija \u0160e\u0161tokait\u0117, 7 kl. (mokytoja Daiva \u0160lajien\u0117) 5-6 kl. kategorijoje \u2013 Jurgis \u0160vedas, 6 kl. (mokytoja Aist\u0117 Ju\u0161kevi\u010di\u016bt\u0117) DIPLOMAIS u\u017e i\u0161skirtin\u012f darb\u0105 apdovanojami: 5 klas\u0117: Barbora Dranseikait\u0117 \u2013 u\u017e istorin\u0117s atminties puosel\u0117jim\u0105 (mokytoja Dalia \u010cepulien\u0117) Vasar\u0117 [&hellip;]<\/p>\n","protected":false},"author":2,"featured_media":0,"comment_status":"closed","ping_status":"open","sticky":true,"template":"","format":"standard","meta":{"footnotes":""},"categories":[1],"tags":[],"class_list":["post-7336","post","type-post","status-publish","format-standard","hentry","category-uncategorized"],"featured_image_src":{"landsacpe":false,"list":false,"medium":false,"full":false},"_links":{"self":[{"href":"https:\/\/kadg.lt\/index.php\/wp-json\/wp\/v2\/posts\/7336","targetHints":{"allow":["GET"]}}],"collection":[{"href":"https:\/\/kadg.lt\/index.php\/wp-json\/wp\/v2\/posts"}],"about":[{"href":"https:\/\/kadg.lt\/index.php\/wp-json\/wp\/v2\/types\/post"}],"author":[{"embeddable":true,"href":"https:\/\/kadg.lt\/index.php\/wp-json\/wp\/v2\/users\/2"}],"replies":[{"embeddable":true,"href":"https:\/\/kadg.lt\/index.php\/wp-json\/wp\/v2\/comments?post=7336"}],"version-history":[{"count":13,"href":"https:\/\/kadg.lt\/index.php\/wp-json\/wp\/v2\/posts\/7336\/revisions"}],"predecessor-version":[{"id":7353,"href":"https:\/\/kadg.lt\/index.php\/wp-json\/wp\/v2\/posts\/7336\/revisions\/7353"}],"wp:attachment":[{"href":"https:\/\/kadg.lt\/index.php\/wp-json\/wp\/v2\/media?parent=7336"}],"wp:term":[{"taxonomy":"category","embeddable":true,"href":"https:\/\/kadg.lt\/index.php\/wp-json\/wp\/v2\/categories?post=7336"},{"taxonomy":"post_tag","embeddable":true,"href":"https:\/\/kadg.lt\/index.php\/wp-json\/wp\/v2\/tags?post=7336"}],"curies":[{"name":"wp","href":"https:\/\/api.w.org\/{rel}","templated":true}]}}